[{"command":"settings","settings":{"pluralDelimiter":"\u0003","suppressDeprecationErrors":true,"ajaxPageState":{"libraries":"core\/drupal.ajax,core\/picturefill,ds\/ds_3col_equal_width","theme":"gaceta","theme_token":null},"ajaxTrustedUrl":[],"field_group":{"html_element":{"mode":"media_expanded","context":"view","settings":{"classes":"datos","show_empty_fields":false,"id":"","element":"div","show_label":false,"label_element":"h3","label_element_classes":"","attributes":"","effect":"none","speed":"fast"}}},"user":{"uid":0,"permissionsHash":"55dc977d165ab1e05e51b6cc6487f6d73e65ab536d99ee82c6990d9001d5c21c"}},"merge":true},{"command":"add_css","data":"\u003Clink rel=\u0022stylesheet\u0022 media=\u0022all\u0022 href=\u0022\/~gacetaua\/sites\/default\/files\/css\/css_mxJrjoKKAZuuB4_4f-B1u9VnFZxvSor3Az4JEdrFEso.css\u0022 \/\u003E\n\u003Clink rel=\u0022stylesheet\u0022 media=\u0022all\u0022 href=\u0022\/~gacetaua\/sites\/default\/files\/css\/css_-BXSGQpS8YTwwuXGbPoshUvZ7W-_HbYR3H7d0DA_mEY.css\u0022 \/\u003E\n\u003Clink rel=\u0022stylesheet\u0022 media=\u0022all\u0022 href=\u0022\/~gacetaua\/sites\/default\/files\/css\/css_89YreTu0npezhXSakRJR9TVHyBS9bTcyt0s3IckAe-M.css\u0022 \/\u003E\n"},{"command":"add_js","selector":"body","data":[{"src":"\/~gacetaua\/sites\/default\/files\/js\/js_9UaAhXvc9u0KYXXUw-OKyLP2baQxdV4zY3Y_KGurcvY.js"},{"src":"\/~gacetaua\/sites\/default\/files\/js\/js_oDJxUBLBzfRb_FDgNfkNOm9-tiatS2kNfxQIeVRZA7Y.js"},{"src":"\/~gacetaua\/sites\/default\/files\/js\/js_YM82KRuzNIr2X-Kb8pQW8cOcSbWgQ_QGKclTYJ_aMlI.js"},{"src":"\/~gacetaua\/sites\/default\/files\/js\/js_pqqsPPmPmxKgamY6qk_WSawtL05XH_yAY8GkPHVyahI.js"}]},{"command":"insert","method":"replaceWith","selector":".view-mode-full","data":"\u003Cdiv data-history-node-id=\u002222527\u0022 class=\u0022contenido view-mode-media_expanded ds-3col-equal clearfix\u0022\u003E\n\n  \n\n  \u003Cdiv class=\u0022area-medios group-left\u0022\u003E\n        \n                          \u003Cdiv  class=\u0022imagen\u0022 \u003E\n          \u003Cpicture\u003E\n                  \u003Csource srcset=\u0022\/~gacetaua\/sites\/default\/files\/styles\/max_650x650\/public\/notas\/2024-12-09\/2K6A5913.webp?itok=WF_ckjQ5 650w, \/~gacetaua\/sites\/default\/files\/styles\/max_1300x1300\/public\/notas\/2024-12-09\/2K6A5913.webp?itok=DpIPCI-d 1300w, \/~gacetaua\/sites\/default\/files\/styles\/max_1900x1900\/public\/notas\/2024-12-09\/2K6A5913.webp?itok=ihwkmby9 1900w\u0022 type=\u0022image\/webp\u0022 sizes=\u0022100vw\u0022\/\u003E\n              \u003Csource srcset=\u0022\/~gacetaua\/sites\/default\/files\/styles\/max_650x650\/public\/notas\/2024-12-09\/2K6A5913.jpg?itok=WF_ckjQ5 650w, \/~gacetaua\/sites\/default\/files\/styles\/max_1300x1300\/public\/notas\/2024-12-09\/2K6A5913.jpg?itok=DpIPCI-d 1300w, \/~gacetaua\/sites\/default\/files\/styles\/max_1900x1900\/public\/notas\/2024-12-09\/2K6A5913.jpg?itok=ihwkmby9 1900w\u0022 type=\u0022image\/jpeg\u0022 sizes=\u0022100vw\u0022\/\u003E\n                  \u003Cimg srcset=\u0022\/~gacetaua\/sites\/default\/files\/styles\/max_650x650\/public\/notas\/2024-12-09\/2K6A5913.jpg?itok=WF_ckjQ5 650w, \/~gacetaua\/sites\/default\/files\/styles\/max_1300x1300\/public\/notas\/2024-12-09\/2K6A5913.jpg?itok=DpIPCI-d 1300w, \/~gacetaua\/sites\/default\/files\/styles\/max_1900x1900\/public\/notas\/2024-12-09\/2K6A5913.jpg?itok=ihwkmby9 1900w\u0022 sizes=\u0022100vw\u0022 src=\u0022\/~gacetaua\/sites\/default\/files\/styles\/max_1300x1300\/public\/notas\/2024-12-09\/2K6A5913.jpg?itok=DpIPCI-d\u0022 alt=\u0022Foto Grupal Cierre del Programa DUAL\u0022 typeof=\u0022foaf:Image\u0022 class=\u0022img-fluid\u0022 \/\u003E\n\n  \u003C\/picture\u003E\n\n\u003C\/div\u003E\n      \n  \n\n      \u003Cdiv  class=\u0022boton-expander\u0022\u003E\n        \n                  \u003Cdiv class=\u0022item-list\u0022\u003E\u003Cul\u003E\u003Cli\u003E\u003Ca href=\u0022\/~gacetaua\/ds-switch-view-mode\/node\/22527\/media_collapsed?selector=view-mode-media_expanded\u0022 class=\u0022use-ajax\u0022\u003E\u2191\u003C\/a\u003E\u003C\/li\u003E\u003C\/ul\u003E\u003C\/div\u003E\n      \n  \n    \u003C\/div\u003E\n\n\n  \u003C\/div\u003E\n\n  \u003Cdiv class=\u0022area-info group-middle\u0022\u003E\n    \n\u003Cdiv  class=\u0022inner\u0022\u003E\n          \n                          \u003Ch2  class=\u0022titulo\u0022 \u003E\n        Celebraron cierre del Programa Dual Skyworks\u2013UABC\n\u003C\/h2\u003E\n      \n  \n\n    \n                          \u003Cdiv  class=\u0022resumen\u0022 \u003E\n      Se presentaron proyectos en alianza con la empresa Skyworks y en vinculaci\u00f3n con los programas educativos de ingenier\u00edas y licenciatura\u003C\/div\u003E\n      \n  \n\n\n\u003Cdiv  class=\u0022datos\u0022\u003E\n            \u003Cdiv  class=\u0022autor\u0022\u003E\n            \u003Cdiv  class=\u0022field-label-inline\u0022\u003EPor\u003C\/div\u003E\n  \n                  \u003Ca href=\u0022\/~gacetaua\/autores\/andrea-ruiz-laureano-0\u0022 hreflang=\u0022es\u0022\u003EAndrea Ruiz Laureano \u003C\/a\u003E\n      \n  \n    \u003C\/div\u003E\n\n      \u003Cdiv  class=\u0022campus\u0022\u003E\n            \u003Cdiv  class=\u0022field-label-inline\u0022\u003ECampus\u003C\/div\u003E\n  \n                  \u003Ca href=\u0022\/~gacetaua\/campus\/mexicali\u0022 hreflang=\u0022es\u0022\u003EMexicali\u003C\/a\u003E\n      \n  \n    \u003C\/div\u003E\n\n    \n                          \u003Cdiv  class=\u0022fecha\u0022 \u003E\n      9 de Diciembre de 2024\u003C\/div\u003E\n      \n  \n\n\n  \u003C\/div\u003E\n    \n                          \u003Cdiv  class=\u0022texto\u0022 \u003E\n      \u003Cp\u003ELa UABC, a trav\u00e9s de la Facultad de Ingenier\u00eda del campus Mexicali, celebr\u00f3 la ceremonia de cierre del Programa Dual Skyworks\u2013UABC, en el que 26 estudiantes concluyeron exitosamente su formaci\u00f3n acad\u00e9mica y pr\u00e1ctica profesional en la generaci\u00f3n 2024.\u003C\/p\u003E\n\n\u003Cp\u003EEl evento, realizado en las instalaciones en la empresa Skyworks, cont\u00f3 con la presencia de directivos, estudiantes y docentes, destacando la participaci\u00f3n del maestro Luis Sol\u00eds, director general de Recursos Humanos de Skyworks Mexicali, y de la doctora Araceli Celina Justo L\u00f3pez, directora de la Facultad de Ingenier\u00eda.\u003C\/p\u003E\n\n\u003Cp\u003EEn su mensaje, el maestro Sol\u00eds resalt\u00f3 la relevancia del programa como una estrategia clave para fortalecer la vinculaci\u00f3n entre la academia y la industria. \u201cHoy somos testigos de c\u00f3mo este proyecto innovador ha evolucionado, permitiendo a los estudiantes realizar una estancia temprana que les abre camino hacia el Programa Dual, donde adquieren experiencia en diversas \u00e1reas y se preparan integralmente para los retos del \u00e1mbito laboral\u201d.\u003C\/p\u003E\n\n\u003Cp\u003EPor su parte, la doctora Justo L\u00f3pez felicit\u00f3 a los estudiantes por su dedicaci\u00f3n y esfuerzo, destacando el impacto positivo del programa en el desarrollo de competencias t\u00e9cnicas y humanas. \u201cEl Programa Dual ha generado resultados sobresalientes; m\u00e1s del 80% de los participantes logran integrarse a las empresas donde realizan sus estancias en un periodo de 0 a 3 meses una vez egresados. Esto no solo refleja el \u00e9xito del programa, sino tambi\u00e9n el crecimiento de nuestros estudiantes como profesionales preparados para enfrentar los desaf\u00edos de la industria\u201d.\u003C\/p\u003E\n\n\u003Cp\u003E\u003Cstrong\u003EDurante la ceremonia, se presentaron los proyectos destacados de estudiantes de distintos programas educativos:\u003C\/strong\u003E\u003C\/p\u003E\n\n\u003Cp\u003E\u003Cstrong\u003EIngenier\u00eda Industrial: \u003C\/strong\u003EManuel de Jes\u00fas Ram\u00edrez Rodr\u00edguez.\u003C\/p\u003E\n\n\u003Cp\u003E\u003Cstrong\u003EIngenier\u00eda Mecatr\u00f3nica: \u003C\/strong\u003ERicardo Bustamante Contreras y Marco Albelais Moreno.\u003C\/p\u003E\n\n\u003Cp\u003E\u003Cstrong\u003EIngenier\u00eda Electr\u00f3nica:\u003C\/strong\u003E Leonardo Dami\u00e1n Olim\u00f3n Lozano.\u003C\/p\u003E\n\n\u003Cp\u003E\u003Cstrong\u003EIngenier\u00eda El\u00e9ctrica:\u003C\/strong\u003E Rafael Monta\u00f1ez Ar\u00e1mbula.\u003C\/p\u003E\n\n\u003Cp\u003E\u003Cstrong\u003ELicenciatura en Sistemas Computacionales:\u003C\/strong\u003E Juan Sebasti\u00e1n Grimaldo Zavala.\u003C\/p\u003E\n\n\u003Cp\u003ECada uno de los proyectos mostr\u00f3 la aplicaci\u00f3n de conocimientos te\u00f3ricos en soluciones innovadoras para los desaf\u00edos planteados por Skyworks, evidenciando el compromiso de los estudiantes con la excelencia acad\u00e9mica y profesional. Adem\u00e1s, se tiene proyectado para enero de 2025 una nueva generaci\u00f3n de 34 estudiantes duales en Skyworks, provenientes de los programas educativos de Ingenier\u00eda Industrial, Mecatr\u00f3nica, Electr\u00f3nica, Semiconductores, Mec\u00e1nica, El\u00e9ctrica y la Licenciatura en Sistemas Computacionales.\u003C\/p\u003E\n\n\u003Cp\u003EEl Programa Dual Skyworks\u2013UABC, reconocido como un modelo de colaboraci\u00f3n efectiva entre la universidad y el sector productivo, busca brindar a los estudiantes una experiencia integral mediante la alternancia de sus estudios con proyectos de alto impacto supervisados en la empresa. Este enfoque promueve la formaci\u00f3n de egresados altamente competentes y con una visi\u00f3n realista de las necesidades de la industria. Adem\u00e1s, promueve el desarrollo de competencias transversales clave para la empleabilidad, lo que los habilita para resolver problem\u00e1ticas reales en el entorno laboral con impacto y alcance global.\u00a0\u003C\/p\u003E\n\n\u003Cp\u003EEl evento tambi\u00e9n cont\u00f3 con la presencia de ex estudiantes que ahora forman parte del equipo de Skyworks, demostrando la continuidad y el \u00e9xito del programa a lo largo de las generaciones. Asimismo, estuvieron presentes por parte de la Facultad de Ingenier\u00eda la doctora Karla Isabel Vel\u00e1zquez Victorica, el maestro Juan Ceballos Corral, la doctora Rosa Citlalli Anguiano Cota, el doctor Yonatan L\u00f3pez Santos, el doctor Pedro Francisco Rosales Escobedo, el doctor Abraham Arias Le\u00f3n, el doctor Jes\u00fas Eduardo Soto Vega y el doctor R\u00faben Andr\u00e9s Reyes Zamora.\u003C\/p\u003E\n\n\u003Cp\u003E\u003Cstrong\u003EFoto\u003C\/strong\u003E: Andrea Ruiz Laureano.\u003C\/p\u003E\u003C\/div\u003E\n      \n  \n\n    \n            \u003Cdiv  class=\u0022palabras-clave\u0022\u003E\n                        \u003Ca href=\u0022\/~gacetaua\/tags\/uabc\u0022 hreflang=\u0022es\u0022\u003EUABC\u003C\/a\u003E\n                \u003Ca href=\u0022\/~gacetaua\/tags\/skyworks\u0022 hreflang=\u0022es\u0022\u003ESkyworks\u003C\/a\u003E\n                \u003Ca href=\u0022\/~gacetaua\/tags\/programa-dual\u0022 hreflang=\u0022es\u0022\u003EPrograma DUAL\u003C\/a\u003E\n      \n      \u003C\/div\u003E\n  \n\n\n  \u003C\/div\u003E\n\n  \u003C\/div\u003E\n\n  \u003Cdiv class=\u0022area-extras group-right\u0022\u003E\n        \n                          \u003Cdiv  class=\u0022enlace-blockBottom\u0022 \u003E\n      \u003Cdiv\u003EVer m\u00e1s \u003Ca href=\u0022http:\/\/gaceta.uabc.mx\/notas\u0022\u003ENotas\u003C\/a\u003E\u003C\/div\u003E\n\u003C\/div\u003E\n      \n  \n\n\n  \u003C\/div\u003E\n\n\u003C\/div\u003E\n\n","settings":null}]