[{"command":"settings","settings":{"pluralDelimiter":"\u0003","suppressDeprecationErrors":true,"ajaxPageState":{"libraries":"core\/drupal.ajax,core\/picturefill,ds\/ds_3col_equal_width","theme":"gaceta","theme_token":null},"ajaxTrustedUrl":[],"field_group":{"html_element":{"mode":"media_expanded","context":"view","settings":{"classes":"datos","show_empty_fields":false,"id":"","element":"div","show_label":false,"label_element":"h3","label_element_classes":"","attributes":"","effect":"none","speed":"fast"}}},"user":{"uid":0,"permissionsHash":"55dc977d165ab1e05e51b6cc6487f6d73e65ab536d99ee82c6990d9001d5c21c"}},"merge":true},{"command":"add_css","data":"\u003Clink rel=\u0022stylesheet\u0022 media=\u0022all\u0022 href=\u0022\/~gacetaua\/sites\/default\/files\/css\/css_mxJrjoKKAZuuB4_4f-B1u9VnFZxvSor3Az4JEdrFEso.css\u0022 \/\u003E\n\u003Clink rel=\u0022stylesheet\u0022 media=\u0022all\u0022 href=\u0022\/~gacetaua\/sites\/default\/files\/css\/css_-BXSGQpS8YTwwuXGbPoshUvZ7W-_HbYR3H7d0DA_mEY.css\u0022 \/\u003E\n\u003Clink rel=\u0022stylesheet\u0022 media=\u0022all\u0022 href=\u0022\/~gacetaua\/sites\/default\/files\/css\/css_89YreTu0npezhXSakRJR9TVHyBS9bTcyt0s3IckAe-M.css\u0022 \/\u003E\n"},{"command":"add_js","selector":"body","data":[{"src":"\/~gacetaua\/sites\/default\/files\/js\/js_9UaAhXvc9u0KYXXUw-OKyLP2baQxdV4zY3Y_KGurcvY.js"},{"src":"\/~gacetaua\/sites\/default\/files\/js\/js_oDJxUBLBzfRb_FDgNfkNOm9-tiatS2kNfxQIeVRZA7Y.js"},{"src":"\/~gacetaua\/sites\/default\/files\/js\/js_YM82KRuzNIr2X-Kb8pQW8cOcSbWgQ_QGKclTYJ_aMlI.js"},{"src":"\/~gacetaua\/sites\/default\/files\/js\/js_pqqsPPmPmxKgamY6qk_WSawtL05XH_yAY8GkPHVyahI.js"}]},{"command":"insert","method":"replaceWith","selector":".view-mode-full","data":"\u003Cdiv data-history-node-id=\u00222262\u0022 class=\u0022contenido view-mode-media_expanded ds-3col-equal clearfix\u0022\u003E\n\n  \n\n  \u003Cdiv class=\u0022area-medios group-left\u0022\u003E\n        \n                          \u003Cdiv  class=\u0022imagen\u0022 \u003E\n          \u003Cpicture\u003E\n                  \u003Csource srcset=\u0022\/~gacetaua\/sites\/default\/files\/styles\/max_650x650\/public\/2018-02\/Firman%20convenio%20UABC%20y%20Gamacon.webp?itok=P_UOVBRy 650w, \/~gacetaua\/sites\/default\/files\/styles\/max_1900x1900\/public\/2018-02\/Firman%20convenio%20UABC%20y%20Gamacon.webp?itok=LKMEqTbx 1152w\u0022 type=\u0022image\/webp\u0022 sizes=\u0022100vw\u0022\/\u003E\n              \u003Csource srcset=\u0022\/~gacetaua\/sites\/default\/files\/styles\/max_650x650\/public\/2018-02\/Firman%20convenio%20UABC%20y%20Gamacon.jpg?itok=P_UOVBRy 650w, \/~gacetaua\/sites\/default\/files\/styles\/max_1900x1900\/public\/2018-02\/Firman%20convenio%20UABC%20y%20Gamacon.jpg?itok=LKMEqTbx 1152w\u0022 type=\u0022image\/jpeg\u0022 sizes=\u0022100vw\u0022\/\u003E\n                  \u003Cimg srcset=\u0022\/~gacetaua\/sites\/default\/files\/styles\/max_650x650\/public\/2018-02\/Firman%20convenio%20UABC%20y%20Gamacon.jpg?itok=P_UOVBRy 650w, \/~gacetaua\/sites\/default\/files\/styles\/max_1900x1900\/public\/2018-02\/Firman%20convenio%20UABC%20y%20Gamacon.jpg?itok=LKMEqTbx 1152w\u0022 sizes=\u0022100vw\u0022 src=\u0022\/~gacetaua\/sites\/default\/files\/styles\/max_1300x1300\/public\/2018-02\/Firman%20convenio%20UABC%20y%20Gamacon.jpg?itok=bf-4AGds\u0022 alt=\u0022Firma_Convenio_Colaboraci\u00f3n_Gamacon\u0022 typeof=\u0022foaf:Image\u0022 class=\u0022img-fluid\u0022 \/\u003E\n\n  \u003C\/picture\u003E\n\n\u003C\/div\u003E\n      \n  \n\n      \u003Cdiv  class=\u0022boton-expander\u0022\u003E\n        \n                  \u003Cdiv class=\u0022item-list\u0022\u003E\u003Cul\u003E\u003Cli\u003E\u003Ca href=\u0022\/~gacetaua\/ds-switch-view-mode\/node\/2262\/media_collapsed?selector=view-mode-media_expanded\u0022 class=\u0022use-ajax\u0022\u003E\u2191\u003C\/a\u003E\u003C\/li\u003E\u003C\/ul\u003E\u003C\/div\u003E\n      \n  \n    \u003C\/div\u003E\n\n\n  \u003C\/div\u003E\n\n  \u003Cdiv class=\u0022area-info group-middle\u0022\u003E\n    \n\u003Cdiv  class=\u0022inner\u0022\u003E\n          \n                          \u003Ch2  class=\u0022titulo\u0022 \u003E\n        Firman convenio UABC y Gamacon\n\u003C\/h2\u003E\n      \n  \n\n    \n                          \u003Cdiv  class=\u0022resumen\u0022 \u003E\n      Se busca complementar programas acad\u00e9micos e impulsar la industria del desarrollo de medios creativos.\u003C\/div\u003E\n      \n  \n\n\n\u003Cdiv  class=\u0022datos\u0022\u003E\n            \u003Cdiv  class=\u0022autor\u0022\u003E\n            \u003Cdiv  class=\u0022field-label-inline\u0022\u003EPor\u003C\/div\u003E\n  \n                  \u003Ca href=\u0022\/~gacetaua\/autores\/selena-aleman-figueroa\u0022 hreflang=\u0022es\u0022\u003ESelena Alem\u00e1n Figueroa\u003C\/a\u003E\n      \n  \n    \u003C\/div\u003E\n\n      \u003Cdiv  class=\u0022campus\u0022\u003E\n            \u003Cdiv  class=\u0022field-label-inline\u0022\u003ECampus\u003C\/div\u003E\n  \n                  \u003Ca href=\u0022\/~gacetaua\/campus\/mexicali\u0022 hreflang=\u0022es\u0022\u003EMexicali\u003C\/a\u003E\n      \n  \n    \u003C\/div\u003E\n\n    \n                          \u003Cdiv  class=\u0022fecha\u0022 \u003E\n      13 de Febrero de 2018\u003C\/div\u003E\n      \n  \n\n\n  \u003C\/div\u003E\n    \n                          \u003Cdiv  class=\u0022texto\u0022 \u003E\n      \u003Cp\u003ECon el fin de complementar programas acad\u00e9micos, as\u00ed como promover la cultura y el arte para apoyar e impulsar la industria del desarrollo de medios creativos, la UABC y la plataforma Gamacon firmaron un convenio de colaboraci\u00f3n.\u003C\/p\u003E\n\n\u003Cp\u003EEl doctor Miguel \u00c1ngel Mart\u00ednez Romero, Coordinador General de Formaci\u00f3n Profesional y Vinculaci\u00f3n Universitaria de la UABC, y el ingeniero Hugo Abel Castro, Presidente de Gamacon, encabezaron la firma que formaliza la relaci\u00f3n de colaboraci\u00f3n entre ambas partes.\u003C\/p\u003E\n\n\u003Cp\u003E\u00a0\u201cQuiero reconocer a Hugo Abel porque siempre trae ideas sobre situaciones que son preocupantes para los estudiantes y por todo el trabajo que ha hecho posible\u201d, coment\u00f3 el doctor Miguel \u00c1ngel Mart\u00ednez Romero. Tambi\u00e9n mencion\u00f3 la manera en c\u00f3mo ha cambiado la programaci\u00f3n y c\u00f3mo la predilecci\u00f3n de los j\u00f3venes con carreras relacionadas con las tecnolog\u00edas de la informaci\u00f3n ha ido en descenso, por lo que se debe trabajar para solucionarlo desde todos los niveles educativos. \u003C\/p\u003E\n\n\u003Cp\u003EPor su parte, el ingeniero Hugo Abel Castro explic\u00f3 que \u201cla educaci\u00f3n es algo primordial para que el Estado prospere\u201d. Es necesario que los docentes est\u00e9n actualizados en \u00e1mbitos tecnol\u00f3gico-educativos para implementarlos en programas acad\u00e9micos donde los estudiantes aprendan de manera interactiva sobre programaci\u00f3n.\u003C\/p\u003E\n\n\u003Cp\u003EAl evento asisti\u00f3 un representante del \u00e1rea educativa de Apple, quien coment\u00f3 acerca de los proyectos que se est\u00e1n generando de la mano con Gamacon para fomentar la programaci\u00f3n en todos los niveles educativos, adem\u00e1s de un programa de creaci\u00f3n de laboratorios de aplicaciones IOS que se implementaron en las facultades de Contabilidad y Administraci\u00f3n, y de Ingenier\u00eda, ambas de la Universidad Aut\u00f3noma de M\u00e9xico; as\u00ed como en la Universidad de las Am\u00e9ricas Puebla, Instituto Tecnol\u00f3gico de Monterrey (sede Monterrey), Universidad Aut\u00f3noma de Nuevo Le\u00f3n y en la Universidad de Guadalajara. Adem\u00e1s anunci\u00f3 la pr\u00f3xima construcci\u00f3n de cinco laboratorios.\u003C\/p\u003E\n\n\u003Cp\u003E\u201cLa visi\u00f3n de Apple es ver de qu\u00e9 manera pueden ayudar a que la vida de las personas sea mejor a trav\u00e9s de sus productos y c\u00f3mo el producto puede enriquecer tu vida\u201d, indic\u00f3 el Representante. Dijo que se han realizado eventos, charlas y talleres sobre programaci\u00f3n en los laboratorios ya instalados.\u003C\/p\u003E\n\n\u003Cp\u003ECabe mencionar que como parte del evento se impartieron las conferencias: \u201cTodos pueden Programar en Swift\u201d por Teotl Q. Mac\u00edas; \u201cGamacon: Un sue\u00f1o de videojuegos\u201d por Hugo Abel Castro; y \u201cProducci\u00f3n de videojuegos\u201d por Ricardo Villareal.\u003C\/p\u003E\u003C\/div\u003E\n      \n  \n\n    \n            \u003Cdiv  class=\u0022palabras-clave\u0022\u003E\n                        \u003Ca href=\u0022\/~gacetaua\/tags\/firma\u0022 hreflang=\u0022es\u0022\u003EFirma\u003C\/a\u003E\n                \u003Ca href=\u0022\/~gacetaua\/tags\/convenio\u0022 hreflang=\u0022es\u0022\u003EConvenio\u003C\/a\u003E\n                \u003Ca href=\u0022\/~gacetaua\/tags\/colaboracion\u0022 hreflang=\u0022es\u0022\u003EColaboraci\u00f3n\u003C\/a\u003E\n                \u003Ca href=\u0022\/~gacetaua\/tags\/gamacon\u0022 hreflang=\u0022es\u0022\u003EGamacon\u003C\/a\u003E\n      \n      \u003C\/div\u003E\n  \n\n\n  \u003C\/div\u003E\n\n  \u003C\/div\u003E\n\n  \u003Cdiv class=\u0022area-extras group-right\u0022\u003E\n        \n                          \u003Cdiv  class=\u0022enlace-blockBottom\u0022 \u003E\n      \u003Cdiv\u003EVer m\u00e1s \u003Ca href=\u0022http:\/\/gaceta.uabc.mx\/notas\u0022\u003ENotas\u003C\/a\u003E\u003C\/div\u003E\n\u003C\/div\u003E\n      \n  \n\n\n  \u003C\/div\u003E\n\n\u003C\/div\u003E\n\n","settings":null}]