[{"command":"settings","settings":{"pluralDelimiter":"\u0003","suppressDeprecationErrors":true,"ajaxPageState":{"libraries":"core\/drupal.ajax,core\/picturefill,ds\/ds_3col_equal_width","theme":"gaceta","theme_token":null},"ajaxTrustedUrl":[],"field_group":{"html_element":{"mode":"media_expanded","context":"view","settings":{"classes":"datos","show_empty_fields":false,"id":"","element":"div","show_label":false,"label_element":"h3","label_element_classes":"","attributes":"","effect":"none","speed":"fast"}}},"user":{"uid":0,"permissionsHash":"55dc977d165ab1e05e51b6cc6487f6d73e65ab536d99ee82c6990d9001d5c21c"}},"merge":true},{"command":"add_css","data":"\u003Clink rel=\u0022stylesheet\u0022 media=\u0022all\u0022 href=\u0022\/~gacetaua\/sites\/default\/files\/css\/css_mxJrjoKKAZuuB4_4f-B1u9VnFZxvSor3Az4JEdrFEso.css\u0022 \/\u003E\n\u003Clink rel=\u0022stylesheet\u0022 media=\u0022all\u0022 href=\u0022\/~gacetaua\/sites\/default\/files\/css\/css_-BXSGQpS8YTwwuXGbPoshUvZ7W-_HbYR3H7d0DA_mEY.css\u0022 \/\u003E\n\u003Clink rel=\u0022stylesheet\u0022 media=\u0022all\u0022 href=\u0022\/~gacetaua\/sites\/default\/files\/css\/css_89YreTu0npezhXSakRJR9TVHyBS9bTcyt0s3IckAe-M.css\u0022 \/\u003E\n"},{"command":"add_js","selector":"body","data":[{"src":"\/~gacetaua\/sites\/default\/files\/js\/js_9UaAhXvc9u0KYXXUw-OKyLP2baQxdV4zY3Y_KGurcvY.js"},{"src":"\/~gacetaua\/sites\/default\/files\/js\/js_oDJxUBLBzfRb_FDgNfkNOm9-tiatS2kNfxQIeVRZA7Y.js"},{"src":"\/~gacetaua\/sites\/default\/files\/js\/js_YM82KRuzNIr2X-Kb8pQW8cOcSbWgQ_QGKclTYJ_aMlI.js"},{"src":"\/~gacetaua\/sites\/default\/files\/js\/js_pqqsPPmPmxKgamY6qk_WSawtL05XH_yAY8GkPHVyahI.js"}]},{"command":"insert","method":"replaceWith","selector":".view-mode-full","data":"\u003Cdiv data-history-node-id=\u00223232\u0022 class=\u0022contenido view-mode-media_expanded ds-3col-equal clearfix\u0022\u003E\n\n  \n\n  \u003Cdiv class=\u0022area-medios group-left\u0022\u003E\n        \n                          \u003Cdiv  class=\u0022imagen\u0022 \u003E\n          \u003Cpicture\u003E\n                  \u003Csource srcset=\u0022\/~gacetaua\/sites\/default\/files\/styles\/max_650x650\/public\/2018-06\/vicerrectores%202_0.webp?itok=IjgfUFIV 650w, \/~gacetaua\/sites\/default\/files\/styles\/max_1300x1300\/public\/2018-06\/vicerrectores%202_0.webp?itok=3b1Yqvdl 1300w, \/~gacetaua\/sites\/default\/files\/styles\/max_1900x1900\/public\/2018-06\/vicerrectores%202_0.webp?itok=UEOxG54j 1900w\u0022 type=\u0022image\/webp\u0022 sizes=\u0022100vw\u0022\/\u003E\n              \u003Csource srcset=\u0022\/~gacetaua\/sites\/default\/files\/styles\/max_650x650\/public\/2018-06\/vicerrectores%202_0.jpg?itok=IjgfUFIV 650w, \/~gacetaua\/sites\/default\/files\/styles\/max_1300x1300\/public\/2018-06\/vicerrectores%202_0.jpg?itok=3b1Yqvdl 1300w, \/~gacetaua\/sites\/default\/files\/styles\/max_1900x1900\/public\/2018-06\/vicerrectores%202_0.jpg?itok=UEOxG54j 1900w\u0022 type=\u0022image\/jpeg\u0022 sizes=\u0022100vw\u0022\/\u003E\n                  \u003Cimg srcset=\u0022\/~gacetaua\/sites\/default\/files\/styles\/max_650x650\/public\/2018-06\/vicerrectores%202_0.jpg?itok=IjgfUFIV 650w, \/~gacetaua\/sites\/default\/files\/styles\/max_1300x1300\/public\/2018-06\/vicerrectores%202_0.jpg?itok=3b1Yqvdl 1300w, \/~gacetaua\/sites\/default\/files\/styles\/max_1900x1900\/public\/2018-06\/vicerrectores%202_0.jpg?itok=UEOxG54j 1900w\u0022 sizes=\u0022100vw\u0022 src=\u0022\/~gacetaua\/sites\/default\/files\/styles\/max_1300x1300\/public\/2018-06\/vicerrectores%202_0.jpg?itok=3b1Yqvdl\u0022 alt=\u0022Nombramiento_Vicerrector_Campus Ensenada_Campus Mexicali_M\u00f3nica Lacavez Berumen_Miguel \u00c1ngel Mart\u00ednez Romero_Toma de Protesta\u0022 typeof=\u0022foaf:Image\u0022 class=\u0022img-fluid\u0022 \/\u003E\n\n  \u003C\/picture\u003E\n\n\u003C\/div\u003E\n      \n  \n\n      \u003Cdiv  class=\u0022boton-expander\u0022\u003E\n        \n                  \u003Cdiv class=\u0022item-list\u0022\u003E\u003Cul\u003E\u003Cli\u003E\u003Ca href=\u0022\/~gacetaua\/ds-switch-view-mode\/node\/3232\/media_collapsed?selector=view-mode-media_expanded\u0022 class=\u0022use-ajax\u0022\u003E\u2191\u003C\/a\u003E\u003C\/li\u003E\u003C\/ul\u003E\u003C\/div\u003E\n      \n  \n    \u003C\/div\u003E\n\n\n  \u003C\/div\u003E\n\n  \u003Cdiv class=\u0022area-info group-middle\u0022\u003E\n    \n\u003Cdiv  class=\u0022inner\u0022\u003E\n          \n                          \u003Ch2  class=\u0022titulo\u0022 \u003E\n        Toman protesta vicerrectores de UABC \n\u003C\/h2\u003E\n      \n  \n\n    \n                          \u003Cdiv  class=\u0022resumen\u0022 \u003E\n       En el Campus Ensenada y Mexicali fueron nombrados nuevos Vicerrectores. \u003C\/div\u003E\n      \n  \n\n\n\u003Cdiv  class=\u0022datos\u0022\u003E\n            \u003Cdiv  class=\u0022autor\u0022\u003E\n            \u003Cdiv  class=\u0022field-label-inline\u0022\u003EPor\u003C\/div\u003E\n  \n                  \u003Ca href=\u0022\/~gacetaua\/autores\/gaceta-uabc\u0022 hreflang=\u0022es\u0022\u003EGaceta UABC\u003C\/a\u003E\n      \n  \n    \u003C\/div\u003E\n\n      \u003Cdiv  class=\u0022campus\u0022\u003E\n            \u003Cdiv  class=\u0022field-label-inline\u0022\u003ECampus\u003C\/div\u003E\n  \n                  \u003Ca href=\u0022\/~gacetaua\/campus\/mexicali\u0022 hreflang=\u0022es\u0022\u003EMexicali\u003C\/a\u003E\n      \n  \n    \u003C\/div\u003E\n\n    \n                          \u003Cdiv  class=\u0022fecha\u0022 \u003E\n      4 de Junio de 2018\u003C\/div\u003E\n      \n  \n\n\n  \u003C\/div\u003E\n    \n                          \u003Cdiv  class=\u0022texto\u0022 \u003E\n      \u003Cp\u003EEste d\u00eda tomaron protesta como Vicerrectora del Campus Ensenada y Vicerrector del Campus Mexicali de la Universidad Aut\u00f3noma de Baja California (UABC), la doctora M\u00f3nica Lacavex Berumen y el doctor Miguel \u00c1ngel Mart\u00ednez Romero, respectivamente.\u003Cbr \/\u003E\u003Cbr \/\u003E\nLa doctora M\u00f3nica Lacavex, sustituye a la doctora Blanca Rosa Garc\u00eda Rivera. Es profesora de tiempo completo titular, adscrita a la Facultad de Ciencias Administrativas y Sociales (FCAyS), es doctora en Estudios del Desarrollo Global y maestra en Estudios y Proyectos Sociales por la UABC. Estudi\u00f3 la Licenciatura en Sociolog\u00eda, en la Universidad Aut\u00f3noma Metropolitana. Se desempe\u00f1a como docente de la M\u00e1xima Casa de Estudios desde 1999, en donde ha impartido cursos tanto a nivel licenciatura como de maestr\u00eda en distintos programas educativos que se ofrecen en la FCAyS.\u003C\/p\u003E\n\n\u003Cp\u003EEn lo que respecta a actividades de gesti\u00f3n acad\u00e9mica, su principal experiencia ha sido como Directora de la Facultad de Ciencias Administrativas y Sociales, 2009\u20132013 y 2013\u20132017; Coordinadora de Formaci\u00f3n B\u00e1sica, FCAyS, 2003\u20132006; y como Coordinadora de la Licenciatura en Sociolog\u00eda, modalidad semiescolarizada de la UABC en Ensenada, 1998\u20132005.\u003C\/p\u003E\n\n\u003Cp\u003EPor su parte, el doctor Mart\u00ednez Romero, sucede en el cargo al doctor \u00c1ngel Norzagaray Norzagaray. Es doctor en Ingenier\u00eda Mec\u00e1nica, maestro en Sistemas y Procesos de Manufactura, as\u00ed como ingeniero electricista con especialidad en Mec\u00e1nica.\u003C\/p\u003E\n\n\u003Cp\u003EFungi\u00f3 como Vicerrector del Campus Mexicali en el per\u00edodo 2010-2015; asimismo, fue Director de la Facultad de Ingenier\u00eda del 2003 al 2010 y Subdirector Acad\u00e9mico de 1999 al 2003. Hasta el d\u00eda de hoy se desempe\u00f1aba como Coordinador General de Formaci\u00f3n Profesional y Vinculaci\u00f3n Universitaria.\u003C\/p\u003E\n\n\u003Cp\u003EEstos relevos en el equipo de trabajo de la administraci\u00f3n central tienen el prop\u00f3sito de redoblar el esfuerzo para mantener los indicadores institucionales que permitan a la UABC conseguir las metas establecidas en el Plan de Desarrollo Institucional 2015-2019 y avanzar hacia el logro de la visi\u00f3n 2025.\u003Cbr \/\u003E\nEl Secretario General de la UABC, agradeci\u00f3 a la doctora Garc\u00eda Rivera y al doctor Norzagaray Norzagaray, su trabajo de gesti\u00f3n realizado a la fecha. Asimismo, exhort\u00f3 a los vicerrectores entrantes a trabajar de manera comprometida y de tiempo completo; as\u00ed como a cumplir con elevada responsabilidad la distinci\u00f3n que se les otorga de servir a una comunidad universitaria de m\u00e1s de 73,000 integrantes.\u003C\/p\u003E\n\n\u003Cp\u003E\u00a0\u003C\/p\u003E\n\n\u003Cp\u003EFOTO: Cortes\u00eda.\u003C\/p\u003E\u003C\/div\u003E\n      \n  \n\n    \n            \u003Cdiv  class=\u0022palabras-clave\u0022\u003E\n                        \u003Ca href=\u0022\/~gacetaua\/tags\/nombramiento\u0022 hreflang=\u0022es\u0022\u003ENombramiento\u003C\/a\u003E\n                \u003Ca href=\u0022\/~gacetaua\/tags\/vicerrectoria\u0022 hreflang=\u0022es\u0022\u003EVicerrector\u00eda\u003C\/a\u003E\n                \u003Ca href=\u0022\/~gacetaua\/tags\/campus-ensenada\u0022 hreflang=\u0022es\u0022\u003ECampus Ensenada\u003C\/a\u003E\n                \u003Ca href=\u0022\/~gacetaua\/tags\/campus-mexicali\u0022 hreflang=\u0022es\u0022\u003ECampus Mexicali\u003C\/a\u003E\n                \u003Ca href=\u0022\/~gacetaua\/tags\/monica-lacavex-berumen\u0022 hreflang=\u0022es\u0022\u003EM\u00f3nica Lacavex Berumen\u003C\/a\u003E\n                \u003Ca href=\u0022\/~gacetaua\/tags\/miguel-angel-martinez-romero\u0022 hreflang=\u0022es\u0022\u003EMiguel \u00c1ngel Mart\u00ednez Romero\u003C\/a\u003E\n                \u003Ca href=\u0022\/~gacetaua\/tags\/toma-de-protesta\u0022 hreflang=\u0022es\u0022\u003EToma de protesta\u003C\/a\u003E\n      \n      \u003C\/div\u003E\n  \n\n\n  \u003C\/div\u003E\n\n  \u003C\/div\u003E\n\n  \u003Cdiv class=\u0022area-extras group-right\u0022\u003E\n        \n                          \u003Cdiv  class=\u0022enlace-blockBottom\u0022 \u003E\n      \u003Cdiv\u003EVer m\u00e1s \u003Ca href=\u0022http:\/\/gaceta.uabc.mx\/notas\u0022\u003ENotas\u003C\/a\u003E\u003C\/div\u003E\n\u003C\/div\u003E\n      \n  \n\n\n  \u003C\/div\u003E\n\n\u003C\/div\u003E\n\n","settings":null}]